{"id":24060,"date":"2024-02-23T17:24:10","date_gmt":"2024-02-23T14:24:10","guid":{"rendered":"https:\/\/episkopos.mbegetter.com\/?p=24060"},"modified":"2024-02-23T17:27:47","modified_gmt":"2024-02-23T14:27:47","slug":"kadikoy-church-of-the-virgin-mary-opened","status":"publish","type":"post","link":"https:\/\/latinkatolikkilisesiistanbul.com\/en\/kadikoy-church-of-the-virgin-mary-opened\/","title":{"rendered":"Virgin Mary Church of Kadikoy inaugurated"},"content":{"rendered":"<p>December 8, 2023 author&nbsp;<a href=\"https:\/\/www.katolik-kilisesi.org\/author\/sulerog\/\" target=\"_blank\" rel=\"noopener\">Shule Rogenbuke<\/a><\/p>\n\n\n\n<p>The small church known as \"Tubini Chapel\" in Kad\u0131k\u00f6y, which was renovated by the Episcopate of the Latin Catholic Church of Istanbul, was consecrated and opened for worship on Thursday, December 7, 2023 at 17.30 hours by His Excellency Mons. Massimiliano Palinuro blessed and opened for worship.&nbsp;<\/p>\n\n\n\n<p>After the consecration of the Altar and the Church with holy oil, the Feast of the Immaculate Conception of the Virgin Mary was celebrated.<\/p>\n\n\n\n<figure class=\"wp-block-image size-full\"><img loading=\"lazy\" decoding=\"async\" width=\"710\" height=\"1024\" src=\"https:\/\/latinkatolikkilisesiistanbul.com\/wp-content\/uploads\/2024\/02\/1.jpg\" alt=\"\" class=\"wp-image-24061\" srcset=\"https:\/\/latinkatolikkilisesiistanbul.com\/wp-content\/uploads\/2024\/02\/1.jpg 710w, https:\/\/latinkatolikkilisesiistanbul.com\/wp-content\/uploads\/2024\/02\/1-208x300.jpg 208w, https:\/\/latinkatolikkilisesiistanbul.com\/wp-content\/uploads\/2024\/02\/1-370x534.jpg 370w, https:\/\/latinkatolikkilisesiistanbul.com\/wp-content\/uploads\/2024\/02\/1-410x591.jpg 410w\" sizes=\"auto, (max-width: 710px) 100vw, 710px\" \/><\/figure>\n\n\n\n<p>Priests from St. Maria Draperis Church, priests from Moda Assomption Church, Chancelier Fr. Lucian Abalintoaiei from B\u00fcy\u00fckdere Church and Vartabet Mikail U\u00e7ar, the abbot of Surp Levon Church, along with nuns and parishioners attended the Mass.<\/p>\n\n\n\n<figure class=\"wp-block-image size-full\"><img loading=\"lazy\" decoding=\"async\" width=\"768\" height=\"1024\" src=\"https:\/\/latinkatolikkilisesiistanbul.com\/wp-content\/uploads\/2024\/02\/2.jpg\" alt=\"\" class=\"wp-image-24062\" srcset=\"https:\/\/latinkatolikkilisesiistanbul.com\/wp-content\/uploads\/2024\/02\/2.jpg 768w, https:\/\/latinkatolikkilisesiistanbul.com\/wp-content\/uploads\/2024\/02\/2-225x300.jpg 225w, https:\/\/latinkatolikkilisesiistanbul.com\/wp-content\/uploads\/2024\/02\/2-370x493.jpg 370w, https:\/\/latinkatolikkilisesiistanbul.com\/wp-content\/uploads\/2024\/02\/2-410x547.jpg 410w\" sizes=\"auto, (max-width: 768px) 100vw, 768px\" \/><\/figure>\n\n\n\n<figure class=\"wp-block-image size-full\"><img loading=\"lazy\" decoding=\"async\" width=\"768\" height=\"1024\" src=\"https:\/\/latinkatolikkilisesiistanbul.com\/wp-content\/uploads\/2024\/02\/3-2.jpg\" alt=\"\" class=\"wp-image-24063\" srcset=\"https:\/\/latinkatolikkilisesiistanbul.com\/wp-content\/uploads\/2024\/02\/3-2.jpg 768w, https:\/\/latinkatolikkilisesiistanbul.com\/wp-content\/uploads\/2024\/02\/3-2-225x300.jpg 225w, https:\/\/latinkatolikkilisesiistanbul.com\/wp-content\/uploads\/2024\/02\/3-2-370x493.jpg 370w, https:\/\/latinkatolikkilisesiistanbul.com\/wp-content\/uploads\/2024\/02\/3-2-410x547.jpg 410w\" sizes=\"auto, (max-width: 768px) 100vw, 768px\" \/><\/figure>\n\n\n\n<figure class=\"wp-block-image size-full\"><img loading=\"lazy\" decoding=\"async\" width=\"768\" height=\"1024\" src=\"https:\/\/latinkatolikkilisesiistanbul.com\/wp-content\/uploads\/2024\/02\/4.jpg\" alt=\"\" class=\"wp-image-24064\" srcset=\"https:\/\/latinkatolikkilisesiistanbul.com\/wp-content\/uploads\/2024\/02\/4.jpg 768w, https:\/\/latinkatolikkilisesiistanbul.com\/wp-content\/uploads\/2024\/02\/4-225x300.jpg 225w, https:\/\/latinkatolikkilisesiistanbul.com\/wp-content\/uploads\/2024\/02\/4-370x493.jpg 370w, https:\/\/latinkatolikkilisesiistanbul.com\/wp-content\/uploads\/2024\/02\/4-410x547.jpg 410w\" sizes=\"auto, (max-width: 768px) 100vw, 768px\" \/><\/figure>\n\n\n\n<p>After the altar was consecrated with holy oil, a fragment of the Holy Cross was placed in it as a Holy Relic.<\/p>\n\n\n\n<figure class=\"wp-block-image size-full\"><img loading=\"lazy\" decoding=\"async\" width=\"576\" height=\"1024\" src=\"https:\/\/latinkatolikkilisesiistanbul.com\/wp-content\/uploads\/2024\/02\/5.jpg\" alt=\"\" class=\"wp-image-24065\" srcset=\"https:\/\/latinkatolikkilisesiistanbul.com\/wp-content\/uploads\/2024\/02\/5.jpg 576w, https:\/\/latinkatolikkilisesiistanbul.com\/wp-content\/uploads\/2024\/02\/5-169x300.jpg 169w, https:\/\/latinkatolikkilisesiistanbul.com\/wp-content\/uploads\/2024\/02\/5-370x658.jpg 370w, https:\/\/latinkatolikkilisesiistanbul.com\/wp-content\/uploads\/2024\/02\/5-410x729.jpg 410w\" sizes=\"auto, (max-width: 600px) 100vw, 576px\" \/><\/figure>\n\n\n\n<figure class=\"wp-block-image size-full\"><img loading=\"lazy\" decoding=\"async\" width=\"768\" height=\"1024\" src=\"https:\/\/latinkatolikkilisesiistanbul.com\/wp-content\/uploads\/2024\/02\/6.jpg\" alt=\"\" class=\"wp-image-24066\" srcset=\"https:\/\/latinkatolikkilisesiistanbul.com\/wp-content\/uploads\/2024\/02\/6.jpg 768w, https:\/\/latinkatolikkilisesiistanbul.com\/wp-content\/uploads\/2024\/02\/6-225x300.jpg 225w, https:\/\/latinkatolikkilisesiistanbul.com\/wp-content\/uploads\/2024\/02\/6-370x493.jpg 370w, https:\/\/latinkatolikkilisesiistanbul.com\/wp-content\/uploads\/2024\/02\/6-410x547.jpg 410w\" sizes=\"auto, (max-width: 768px) 100vw, 768px\" \/><\/figure>\n\n\n\n<figure class=\"wp-block-image size-full\"><img loading=\"lazy\" decoding=\"async\" width=\"1024\" height=\"768\" src=\"https:\/\/latinkatolikkilisesiistanbul.com\/wp-content\/uploads\/2024\/02\/7.jpg\" alt=\"\" class=\"wp-image-24067\" srcset=\"https:\/\/latinkatolikkilisesiistanbul.com\/wp-content\/uploads\/2024\/02\/7.jpg 1024w, https:\/\/latinkatolikkilisesiistanbul.com\/wp-content\/uploads\/2024\/02\/7-300x225.jpg 300w, https:\/\/latinkatolikkilisesiistanbul.com\/wp-content\/uploads\/2024\/02\/7-768x576.jpg 768w, https:\/\/latinkatolikkilisesiistanbul.com\/wp-content\/uploads\/2024\/02\/7-370x278.jpg 370w, https:\/\/latinkatolikkilisesiistanbul.com\/wp-content\/uploads\/2024\/02\/7-840x630.jpg 840w, https:\/\/latinkatolikkilisesiistanbul.com\/wp-content\/uploads\/2024\/02\/7-410x308.jpg 410w\" sizes=\"auto, (max-width: 1024px) 100vw, 1024px\" \/><\/figure>\n\n\n\n<figure class=\"wp-block-image size-full\"><img loading=\"lazy\" decoding=\"async\" width=\"768\" height=\"1024\" src=\"https:\/\/latinkatolikkilisesiistanbul.com\/wp-content\/uploads\/2024\/02\/8.jpg\" alt=\"\" class=\"wp-image-24068\" srcset=\"https:\/\/latinkatolikkilisesiistanbul.com\/wp-content\/uploads\/2024\/02\/8.jpg 768w, https:\/\/latinkatolikkilisesiistanbul.com\/wp-content\/uploads\/2024\/02\/8-225x300.jpg 225w, https:\/\/latinkatolikkilisesiistanbul.com\/wp-content\/uploads\/2024\/02\/8-370x493.jpg 370w, https:\/\/latinkatolikkilisesiistanbul.com\/wp-content\/uploads\/2024\/02\/8-410x547.jpg 410w\" sizes=\"auto, (max-width: 768px) 100vw, 768px\" \/><\/figure>","protected":false},"excerpt":{"rendered":"<p>8 Aral\u0131k 2023&nbsp;yazar&nbsp;\u015eule Rogenbuke Kad\u0131k\u00f6y\u2019de \u201cTubini \u015eapeli\u201d ad\u0131yla bilinen ve \u0130stanbul Latin Katolik Kilisesi Episkoposlu\u011fu taraf\u0131ndan yenilenen k\u00fc\u00e7\u00fck kilise, \u201cKad\u0131k\u00f6y Meryem Ana Kilisesi\u201d ad\u0131yla 7 Aral\u0131k 2023 Per\u015fembe g\u00fcn\u00fc saat:17.30\u2019da&hellip;<\/p>","protected":false},"author":1,"featured_media":24067,"comment_status":"open","ping_status":"open","sticky":false,"template":"","format":"standard","meta":{"om_disable_all_campaigns":false,"footnotes":"","_links_to":"","_links_to_target":""},"categories":[208],"tags":[],"class_list":["post-24060","post","type-post","status-publish","format-standard","has-post-thumbnail","hentry","category-haberler"],"_links":{"self":[{"href":"https:\/\/latinkatolikkilisesiistanbul.com\/en\/wp-json\/wp\/v2\/posts\/24060","targetHints":{"allow":["GET"]}}],"collection":[{"href":"https:\/\/latinkatolikkilisesiistanbul.com\/en\/wp-json\/wp\/v2\/posts"}],"about":[{"href":"https:\/\/latinkatolikkilisesiistanbul.com\/en\/wp-json\/wp\/v2\/types\/post"}],"author":[{"embeddable":true,"href":"https:\/\/latinkatolikkilisesiistanbul.com\/en\/wp-json\/wp\/v2\/users\/1"}],"replies":[{"embeddable":true,"href":"https:\/\/latinkatolikkilisesiistanbul.com\/en\/wp-json\/wp\/v2\/comments?post=24060"}],"version-history":[{"count":1,"href":"https:\/\/latinkatolikkilisesiistanbul.com\/en\/wp-json\/wp\/v2\/posts\/24060\/revisions"}],"predecessor-version":[{"id":24069,"href":"https:\/\/latinkatolikkilisesiistanbul.com\/en\/wp-json\/wp\/v2\/posts\/24060\/revisions\/24069"}],"wp:featuredmedia":[{"embeddable":true,"href":"https:\/\/latinkatolikkilisesiistanbul.com\/en\/wp-json\/wp\/v2\/media\/24067"}],"wp:attachment":[{"href":"https:\/\/latinkatolikkilisesiistanbul.com\/en\/wp-json\/wp\/v2\/media?parent=24060"}],"wp:term":[{"taxonomy":"category","embeddable":true,"href":"https:\/\/latinkatolikkilisesiistanbul.com\/en\/wp-json\/wp\/v2\/categories?post=24060"},{"taxonomy":"post_tag","embeddable":true,"href":"https:\/\/latinkatolikkilisesiistanbul.com\/en\/wp-json\/wp\/v2\/tags?post=24060"}],"curies":[{"name":"wp","href":"https:\/\/api.w.org\/{rel}","templated":true}]}}